{"id":9767,"date":"2022-12-09T11:16:50","date_gmt":"2022-12-09T10:16:50","guid":{"rendered":"https:\/\/www.immanuel.se\/en\/?p=9767"},"modified":"2022-12-16T10:50:53","modified_gmt":"2022-12-16T09:50:53","slug":"all-children-deserve-christmas-presents","status":"publish","type":"post","link":"https:\/\/www.immanuel.se\/en\/2022\/all-children-deserve-christmas-presents\/","title":{"rendered":"All children deserve Christmas presents!"},"content":{"rendered":"\n<p class=\"is-style-lead\">Now YOU can contribute to children living in vulnerability gets a Christmas present. Swish a contribution and we will buy the Christmas presents! <\/p>\n\n\n\n<p class=\"is-style-lead\">Swish: 123 418 32 24. Mark with \u201cJulklappar\u201d.<\/p>\n\n\n\n<p>All money goes directly to Christmas presents for the children who come to Immanuel Church and celebrate &#8220;Jul i Gemenskap&#8221;.<\/p>\n\n\n\n<p>Unfortunately, we cannot accept toys or other gifts. If you want to help, contribute financially!<\/p>\n\n\n\n<p><strong>Organizers: <\/strong>Fr\u00e4lsningsarm\u00e9n Templet, Hela M\u00e4nniskan Sthlm l\u00e4n\/ Centrumkyrkan Farsta,<br>Immanuelskyrkan, NY GEMENSKAP, St Peters f\u00f6rsamling, Svenska kyrkan p\u00e5 Norrmalm, Volont\u00e4rbyr\u00e5n.<\/p>\n\n\n<div class=\"wp-block-image\">\n<figure class=\"alignleft size-large is-resized\"><img loading=\"lazy\" decoding=\"async\" src=\"https:\/\/www.immanuel.se\/en\/wp-content\/uploads\/sites\/2\/2022\/12\/swish-QR-small-1-794x1200.png\" alt=\"\" class=\"wp-image-9862\" width=\"160\" height=\"242\" srcset=\"https:\/\/www.immanuel.se\/en\/wp-content\/uploads\/sites\/2\/2022\/12\/swish-QR-small-1-794x1200.png 794w, https:\/\/www.immanuel.se\/en\/wp-content\/uploads\/sites\/2\/2022\/12\/swish-QR-small-1-423x640.png 423w, https:\/\/www.immanuel.se\/en\/wp-content\/uploads\/sites\/2\/2022\/12\/swish-QR-small-1-768x1161.png 768w, https:\/\/www.immanuel.se\/en\/wp-content\/uploads\/sites\/2\/2022\/12\/swish-QR-small-1-1016x1536.png 1016w, https:\/\/www.immanuel.se\/en\/wp-content\/uploads\/sites\/2\/2022\/12\/swish-QR-small-1-1354x2048.png 1354w, https:\/\/www.immanuel.se\/en\/wp-content\/uploads\/sites\/2\/2022\/12\/swish-QR-small-1.png 1521w\" sizes=\"auto, (max-width: 160px) 100vw, 160px\" \/><\/figure>\n<\/div>","protected":false},"excerpt":{"rendered":"<p>Now YOU can contribute to children living in vulnerability gets a Christmas present. Swish a contribution and we will buy the Christmas presents! Swish: 123 418 32 24. Mark with [&hellip;]<\/p>\n","protected":false},"author":47,"featured_media":9768,"comment_status":"open","ping_status":"open","sticky":false,"template":"","format":"standard","meta":{"_acf_changed":false,"page_specific_styles":"","episode_type":"","audio_file":"","podmotor_file_id":"","podmotor_episode_id":"","cover_image":"","cover_image_id":"","duration":"","filesize":"","filesize_raw":"","date_recorded":"","explicit":"","block":"","itunes_episode_number":"","itunes_title":"","itunes_season_number":"","itunes_episode_type":"","editor_notices":[],"footnotes":""},"categories":[78],"tags":[],"class_list":["post-9767","post","type-post","status-publish","format-standard","has-post-thumbnail","hentry","category-infocus"],"acf":[],"featured_media_data":{"id":9768,"alt":"julklapp till utsatta barn","srcset":"https:\/\/www.immanuel.se\/en\/wp-content\/uploads\/sites\/2\/2022\/12\/Julklappen-2022_Soc-media-mm-scaled-640x266.jpg 640w, https:\/\/www.immanuel.se\/en\/wp-content\/uploads\/sites\/2\/2022\/12\/Julklappen-2022_Soc-media-mm-scaled-1200x499.jpg 1200w, https:\/\/www.immanuel.se\/en\/wp-content\/uploads\/sites\/2\/2022\/12\/Julklappen-2022_Soc-media-mm-scaled-768x319.jpg 768w, https:\/\/www.immanuel.se\/en\/wp-content\/uploads\/sites\/2\/2022\/12\/Julklappen-2022_Soc-media-mm-scaled-1536x638.jpg 1536w, https:\/\/www.immanuel.se\/en\/wp-content\/uploads\/sites\/2\/2022\/12\/Julklappen-2022_Soc-media-mm-scaled-2048x851.jpg 2048w","sizes":{"thumbnail":"https:\/\/www.immanuel.se\/en\/wp-content\/uploads\/sites\/2\/2022\/12\/Julklappen-2022_Soc-media-mm-scaled-300x300.jpg","medium":"https:\/\/www.immanuel.se\/en\/wp-content\/uploads\/sites\/2\/2022\/12\/Julklappen-2022_Soc-media-mm-scaled-640x266.jpg","medium_large":"https:\/\/www.immanuel.se\/en\/wp-content\/uploads\/sites\/2\/2022\/12\/Julklappen-2022_Soc-media-mm-scaled-768x319.jpg","large":"https:\/\/www.immanuel.se\/en\/wp-content\/uploads\/sites\/2\/2022\/12\/Julklappen-2022_Soc-media-mm-scaled-1200x499.jpg","1536x1536":"https:\/\/www.immanuel.se\/en\/wp-content\/uploads\/sites\/2\/2022\/12\/Julklappen-2022_Soc-media-mm-scaled-1536x638.jpg","2048x2048":"https:\/\/www.immanuel.se\/en\/wp-content\/uploads\/sites\/2\/2022\/12\/Julklappen-2022_Soc-media-mm-scaled-2048x851.jpg","xlarge":"https:\/\/www.immanuel.se\/en\/wp-content\/uploads\/sites\/2\/2022\/12\/Julklappen-2022_Soc-media-mm-scaled-2048x851.jpg","gform-image-choice-sm":"https:\/\/www.immanuel.se\/en\/wp-content\/uploads\/sites\/2\/2022\/12\/Julklappen-2022_Soc-media-mm-scaled.jpg","gform-image-choice-md":"https:\/\/www.immanuel.se\/en\/wp-content\/uploads\/sites\/2\/2022\/12\/Julklappen-2022_Soc-media-mm-scaled.jpg","gform-image-choice-lg":"https:\/\/www.immanuel.se\/en\/wp-content\/uploads\/sites\/2\/2022\/12\/Julklappen-2022_Soc-media-mm-scaled.jpg"}},"yoast_head":"<!-- This site is optimized with the Yoast SEO plugin v27.4 - https:\/\/yoast.com\/product\/yoast-seo-wordpress\/ -->\n<title>All children deserve Christmas presents! - Immanuel Church<\/title>\n<meta name=\"robots\" content=\"index, follow, max-snippet:-1, max-image-preview:large, max-video-preview:-1\" \/>\n<link rel=\"canonical\" href=\"https:\/\/www.immanuel.se\/en\/2022\/all-children-deserve-christmas-presents\/\" \/>\n<meta property=\"og:locale\" content=\"en_US\" \/>\n<meta property=\"og:type\" content=\"article\" \/>\n<meta property=\"og:title\" content=\"All children deserve Christmas presents! - Immanuel Church\" \/>\n<meta property=\"og:description\" content=\"Now YOU can contribute to children living in vulnerability gets a Christmas present. Swish a contribution and we will buy the Christmas presents! Swish: 123 418 32 24. Mark with [&hellip;]\" \/>\n<meta property=\"og:url\" content=\"https:\/\/www.immanuel.se\/en\/2022\/all-children-deserve-christmas-presents\/\" \/>\n<meta property=\"og:site_name\" content=\"Immanuel Church\" \/>\n<meta property=\"article:published_time\" content=\"2022-12-09T10:16:50+00:00\" \/>\n<meta property=\"article:modified_time\" content=\"2022-12-16T09:50:53+00:00\" \/>\n<meta property=\"og:image\" content=\"https:\/\/www.immanuel.se\/en\/wp-content\/uploads\/sites\/2\/2022\/12\/Julklappen-2022_Soc-media-mm-scaled.jpg\" \/>\n\t<meta property=\"og:image:width\" content=\"2560\" \/>\n\t<meta property=\"og:image:height\" content=\"1064\" \/>\n\t<meta property=\"og:image:type\" content=\"image\/jpeg\" \/>\n<meta name=\"author\" content=\"mariao\" \/>\n<meta name=\"twitter:card\" content=\"summary_large_image\" \/>\n<meta name=\"twitter:label1\" content=\"Written by\" \/>\n\t<meta name=\"twitter:data1\" content=\"mariao\" \/>\n\t<meta name=\"twitter:label2\" content=\"Est. reading time\" \/>\n\t<meta name=\"twitter:data2\" content=\"1 minute\" \/>\n<script type=\"application\/ld+json\" class=\"yoast-schema-graph\">{\"@context\":\"https:\\\/\\\/schema.org\",\"@graph\":[{\"@type\":\"Article\",\"@id\":\"https:\\\/\\\/www.immanuel.se\\\/en\\\/2022\\\/all-children-deserve-christmas-presents\\\/#article\",\"isPartOf\":{\"@id\":\"https:\\\/\\\/www.immanuel.se\\\/en\\\/2022\\\/all-children-deserve-christmas-presents\\\/\"},\"author\":{\"name\":\"mariao\",\"@id\":\"https:\\\/\\\/www.immanuel.se\\\/en\\\/#\\\/schema\\\/person\\\/12fe88ce6738c156d1c36692d955fde7\"},\"headline\":\"All children deserve Christmas presents!\",\"datePublished\":\"2022-12-09T10:16:50+00:00\",\"dateModified\":\"2022-12-16T09:50:53+00:00\",\"mainEntityOfPage\":{\"@id\":\"https:\\\/\\\/www.immanuel.se\\\/en\\\/2022\\\/all-children-deserve-christmas-presents\\\/\"},\"wordCount\":94,\"commentCount\":0,\"publisher\":{\"@id\":\"https:\\\/\\\/www.immanuel.se\\\/en\\\/#organization\"},\"image\":{\"@id\":\"https:\\\/\\\/www.immanuel.se\\\/en\\\/2022\\\/all-children-deserve-christmas-presents\\\/#primaryimage\"},\"thumbnailUrl\":\"https:\\\/\\\/www.immanuel.se\\\/en\\\/wp-content\\\/uploads\\\/sites\\\/2\\\/2022\\\/12\\\/Julklappen-2022_Soc-media-mm-scaled.jpg\",\"articleSection\":[\"In focus\"],\"inLanguage\":\"en-US\",\"potentialAction\":[{\"@type\":\"CommentAction\",\"name\":\"Comment\",\"target\":[\"https:\\\/\\\/www.immanuel.se\\\/en\\\/2022\\\/all-children-deserve-christmas-presents\\\/#respond\"]}]},{\"@type\":\"WebPage\",\"@id\":\"https:\\\/\\\/www.immanuel.se\\\/en\\\/2022\\\/all-children-deserve-christmas-presents\\\/\",\"url\":\"https:\\\/\\\/www.immanuel.se\\\/en\\\/2022\\\/all-children-deserve-christmas-presents\\\/\",\"name\":\"All children deserve Christmas presents! - Immanuel Church\",\"isPartOf\":{\"@id\":\"https:\\\/\\\/www.immanuel.se\\\/en\\\/#website\"},\"primaryImageOfPage\":{\"@id\":\"https:\\\/\\\/www.immanuel.se\\\/en\\\/2022\\\/all-children-deserve-christmas-presents\\\/#primaryimage\"},\"image\":{\"@id\":\"https:\\\/\\\/www.immanuel.se\\\/en\\\/2022\\\/all-children-deserve-christmas-presents\\\/#primaryimage\"},\"thumbnailUrl\":\"https:\\\/\\\/www.immanuel.se\\\/en\\\/wp-content\\\/uploads\\\/sites\\\/2\\\/2022\\\/12\\\/Julklappen-2022_Soc-media-mm-scaled.jpg\",\"datePublished\":\"2022-12-09T10:16:50+00:00\",\"dateModified\":\"2022-12-16T09:50:53+00:00\",\"breadcrumb\":{\"@id\":\"https:\\\/\\\/www.immanuel.se\\\/en\\\/2022\\\/all-children-deserve-christmas-presents\\\/#breadcrumb\"},\"inLanguage\":\"en-US\",\"potentialAction\":[{\"@type\":\"ReadAction\",\"target\":[\"https:\\\/\\\/www.immanuel.se\\\/en\\\/2022\\\/all-children-deserve-christmas-presents\\\/\"]}]},{\"@type\":\"ImageObject\",\"inLanguage\":\"en-US\",\"@id\":\"https:\\\/\\\/www.immanuel.se\\\/en\\\/2022\\\/all-children-deserve-christmas-presents\\\/#primaryimage\",\"url\":\"https:\\\/\\\/www.immanuel.se\\\/en\\\/wp-content\\\/uploads\\\/sites\\\/2\\\/2022\\\/12\\\/Julklappen-2022_Soc-media-mm-scaled.jpg\",\"contentUrl\":\"https:\\\/\\\/www.immanuel.se\\\/en\\\/wp-content\\\/uploads\\\/sites\\\/2\\\/2022\\\/12\\\/Julklappen-2022_Soc-media-mm-scaled.jpg\",\"width\":2560,\"height\":1064,\"caption\":\"julklapp till utsatta barn\"},{\"@type\":\"BreadcrumbList\",\"@id\":\"https:\\\/\\\/www.immanuel.se\\\/en\\\/2022\\\/all-children-deserve-christmas-presents\\\/#breadcrumb\",\"itemListElement\":[{\"@type\":\"ListItem\",\"position\":1,\"name\":\"Home\",\"item\":\"https:\\\/\\\/www.immanuel.se\\\/en\\\/\"},{\"@type\":\"ListItem\",\"position\":2,\"name\":\"All children deserve Christmas presents!\"}]},{\"@type\":\"WebSite\",\"@id\":\"https:\\\/\\\/www.immanuel.se\\\/en\\\/#website\",\"url\":\"https:\\\/\\\/www.immanuel.se\\\/en\\\/\",\"name\":\"Immanuel Church\",\"description\":\"\",\"publisher\":{\"@id\":\"https:\\\/\\\/www.immanuel.se\\\/en\\\/#organization\"},\"potentialAction\":[{\"@type\":\"SearchAction\",\"target\":{\"@type\":\"EntryPoint\",\"urlTemplate\":\"https:\\\/\\\/www.immanuel.se\\\/en\\\/?s={search_term_string}\"},\"query-input\":{\"@type\":\"PropertyValueSpecification\",\"valueRequired\":true,\"valueName\":\"search_term_string\"}}],\"inLanguage\":\"en-US\"},{\"@type\":\"Organization\",\"@id\":\"https:\\\/\\\/www.immanuel.se\\\/en\\\/#organization\",\"name\":\"Immanuel Church\",\"url\":\"https:\\\/\\\/www.immanuel.se\\\/en\\\/\",\"logo\":{\"@type\":\"ImageObject\",\"inLanguage\":\"en-US\",\"@id\":\"https:\\\/\\\/www.immanuel.se\\\/en\\\/#\\\/schema\\\/logo\\\/image\\\/\",\"url\":\"https:\\\/\\\/www.immanuel.se\\\/en\\\/wp-content\\\/uploads\\\/sites\\\/2\\\/2020\\\/09\\\/immanuelskyrkan-logo.svg\",\"contentUrl\":\"https:\\\/\\\/www.immanuel.se\\\/en\\\/wp-content\\\/uploads\\\/sites\\\/2\\\/2020\\\/09\\\/immanuelskyrkan-logo.svg\",\"width\":170,\"height\":28,\"caption\":\"Immanuel Church\"},\"image\":{\"@id\":\"https:\\\/\\\/www.immanuel.se\\\/en\\\/#\\\/schema\\\/logo\\\/image\\\/\"}},{\"@type\":\"Person\",\"@id\":\"https:\\\/\\\/www.immanuel.se\\\/en\\\/#\\\/schema\\\/person\\\/12fe88ce6738c156d1c36692d955fde7\",\"name\":\"mariao\",\"image\":{\"@type\":\"ImageObject\",\"inLanguage\":\"en-US\",\"@id\":\"https:\\\/\\\/secure.gravatar.com\\\/avatar\\\/6829ac5483c3151b706515d935460bdee8ce8452f9a7907feae233310f37aba3?s=96&d=mm&r=g\",\"url\":\"https:\\\/\\\/secure.gravatar.com\\\/avatar\\\/6829ac5483c3151b706515d935460bdee8ce8452f9a7907feae233310f37aba3?s=96&d=mm&r=g\",\"contentUrl\":\"https:\\\/\\\/secure.gravatar.com\\\/avatar\\\/6829ac5483c3151b706515d935460bdee8ce8452f9a7907feae233310f37aba3?s=96&d=mm&r=g\",\"caption\":\"mariao\"},\"url\":\"https:\\\/\\\/www.immanuel.se\\\/en\\\/author\\\/mariao\\\/\"}]}<\/script>\n<!-- \/ Yoast SEO plugin. -->","yoast_head_json":{"title":"All children deserve Christmas presents! - Immanuel Church","robots":{"index":"index","follow":"follow","max-snippet":"max-snippet:-1","max-image-preview":"max-image-preview:large","max-video-preview":"max-video-preview:-1"},"canonical":"https:\/\/www.immanuel.se\/en\/2022\/all-children-deserve-christmas-presents\/","og_locale":"en_US","og_type":"article","og_title":"All children deserve Christmas presents! - Immanuel Church","og_description":"Now YOU can contribute to children living in vulnerability gets a Christmas present. Swish a contribution and we will buy the Christmas presents! Swish: 123 418 32 24. Mark with [&hellip;]","og_url":"https:\/\/www.immanuel.se\/en\/2022\/all-children-deserve-christmas-presents\/","og_site_name":"Immanuel Church","article_published_time":"2022-12-09T10:16:50+00:00","article_modified_time":"2022-12-16T09:50:53+00:00","og_image":[{"width":2560,"height":1064,"url":"https:\/\/www.immanuel.se\/en\/wp-content\/uploads\/sites\/2\/2022\/12\/Julklappen-2022_Soc-media-mm-scaled.jpg","type":"image\/jpeg"}],"author":"mariao","twitter_card":"summary_large_image","twitter_misc":{"Written by":"mariao","Est. reading time":"1 minute"},"schema":{"@context":"https:\/\/schema.org","@graph":[{"@type":"Article","@id":"https:\/\/www.immanuel.se\/en\/2022\/all-children-deserve-christmas-presents\/#article","isPartOf":{"@id":"https:\/\/www.immanuel.se\/en\/2022\/all-children-deserve-christmas-presents\/"},"author":{"name":"mariao","@id":"https:\/\/www.immanuel.se\/en\/#\/schema\/person\/12fe88ce6738c156d1c36692d955fde7"},"headline":"All children deserve Christmas presents!","datePublished":"2022-12-09T10:16:50+00:00","dateModified":"2022-12-16T09:50:53+00:00","mainEntityOfPage":{"@id":"https:\/\/www.immanuel.se\/en\/2022\/all-children-deserve-christmas-presents\/"},"wordCount":94,"commentCount":0,"publisher":{"@id":"https:\/\/www.immanuel.se\/en\/#organization"},"image":{"@id":"https:\/\/www.immanuel.se\/en\/2022\/all-children-deserve-christmas-presents\/#primaryimage"},"thumbnailUrl":"https:\/\/www.immanuel.se\/en\/wp-content\/uploads\/sites\/2\/2022\/12\/Julklappen-2022_Soc-media-mm-scaled.jpg","articleSection":["In focus"],"inLanguage":"en-US","potentialAction":[{"@type":"CommentAction","name":"Comment","target":["https:\/\/www.immanuel.se\/en\/2022\/all-children-deserve-christmas-presents\/#respond"]}]},{"@type":"WebPage","@id":"https:\/\/www.immanuel.se\/en\/2022\/all-children-deserve-christmas-presents\/","url":"https:\/\/www.immanuel.se\/en\/2022\/all-children-deserve-christmas-presents\/","name":"All children deserve Christmas presents! - Immanuel Church","isPartOf":{"@id":"https:\/\/www.immanuel.se\/en\/#website"},"primaryImageOfPage":{"@id":"https:\/\/www.immanuel.se\/en\/2022\/all-children-deserve-christmas-presents\/#primaryimage"},"image":{"@id":"https:\/\/www.immanuel.se\/en\/2022\/all-children-deserve-christmas-presents\/#primaryimage"},"thumbnailUrl":"https:\/\/www.immanuel.se\/en\/wp-content\/uploads\/sites\/2\/2022\/12\/Julklappen-2022_Soc-media-mm-scaled.jpg","datePublished":"2022-12-09T10:16:50+00:00","dateModified":"2022-12-16T09:50:53+00:00","breadcrumb":{"@id":"https:\/\/www.immanuel.se\/en\/2022\/all-children-deserve-christmas-presents\/#breadcrumb"},"inLanguage":"en-US","potentialAction":[{"@type":"ReadAction","target":["https:\/\/www.immanuel.se\/en\/2022\/all-children-deserve-christmas-presents\/"]}]},{"@type":"ImageObject","inLanguage":"en-US","@id":"https:\/\/www.immanuel.se\/en\/2022\/all-children-deserve-christmas-presents\/#primaryimage","url":"https:\/\/www.immanuel.se\/en\/wp-content\/uploads\/sites\/2\/2022\/12\/Julklappen-2022_Soc-media-mm-scaled.jpg","contentUrl":"https:\/\/www.immanuel.se\/en\/wp-content\/uploads\/sites\/2\/2022\/12\/Julklappen-2022_Soc-media-mm-scaled.jpg","width":2560,"height":1064,"caption":"julklapp till utsatta barn"},{"@type":"BreadcrumbList","@id":"https:\/\/www.immanuel.se\/en\/2022\/all-children-deserve-christmas-presents\/#breadcrumb","itemListElement":[{"@type":"ListItem","position":1,"name":"Home","item":"https:\/\/www.immanuel.se\/en\/"},{"@type":"ListItem","position":2,"name":"All children deserve Christmas presents!"}]},{"@type":"WebSite","@id":"https:\/\/www.immanuel.se\/en\/#website","url":"https:\/\/www.immanuel.se\/en\/","name":"Immanuel Church","description":"","publisher":{"@id":"https:\/\/www.immanuel.se\/en\/#organization"},"potentialAction":[{"@type":"SearchAction","target":{"@type":"EntryPoint","urlTemplate":"https:\/\/www.immanuel.se\/en\/?s={search_term_string}"},"query-input":{"@type":"PropertyValueSpecification","valueRequired":true,"valueName":"search_term_string"}}],"inLanguage":"en-US"},{"@type":"Organization","@id":"https:\/\/www.immanuel.se\/en\/#organization","name":"Immanuel Church","url":"https:\/\/www.immanuel.se\/en\/","logo":{"@type":"ImageObject","inLanguage":"en-US","@id":"https:\/\/www.immanuel.se\/en\/#\/schema\/logo\/image\/","url":"https:\/\/www.immanuel.se\/en\/wp-content\/uploads\/sites\/2\/2020\/09\/immanuelskyrkan-logo.svg","contentUrl":"https:\/\/www.immanuel.se\/en\/wp-content\/uploads\/sites\/2\/2020\/09\/immanuelskyrkan-logo.svg","width":170,"height":28,"caption":"Immanuel Church"},"image":{"@id":"https:\/\/www.immanuel.se\/en\/#\/schema\/logo\/image\/"}},{"@type":"Person","@id":"https:\/\/www.immanuel.se\/en\/#\/schema\/person\/12fe88ce6738c156d1c36692d955fde7","name":"mariao","image":{"@type":"ImageObject","inLanguage":"en-US","@id":"https:\/\/secure.gravatar.com\/avatar\/6829ac5483c3151b706515d935460bdee8ce8452f9a7907feae233310f37aba3?s=96&d=mm&r=g","url":"https:\/\/secure.gravatar.com\/avatar\/6829ac5483c3151b706515d935460bdee8ce8452f9a7907feae233310f37aba3?s=96&d=mm&r=g","contentUrl":"https:\/\/secure.gravatar.com\/avatar\/6829ac5483c3151b706515d935460bdee8ce8452f9a7907feae233310f37aba3?s=96&d=mm&r=g","caption":"mariao"},"url":"https:\/\/www.immanuel.se\/en\/author\/mariao\/"}]}},"_links":{"self":[{"href":"https:\/\/www.immanuel.se\/en\/wp-json\/wp\/v2\/posts\/9767","targetHints":{"allow":["GET"]}}],"collection":[{"href":"https:\/\/www.immanuel.se\/en\/wp-json\/wp\/v2\/posts"}],"about":[{"href":"https:\/\/www.immanuel.se\/en\/wp-json\/wp\/v2\/types\/post"}],"author":[{"embeddable":true,"href":"https:\/\/www.immanuel.se\/en\/wp-json\/wp\/v2\/users\/47"}],"replies":[{"embeddable":true,"href":"https:\/\/www.immanuel.se\/en\/wp-json\/wp\/v2\/comments?post=9767"}],"version-history":[{"count":3,"href":"https:\/\/www.immanuel.se\/en\/wp-json\/wp\/v2\/posts\/9767\/revisions"}],"predecessor-version":[{"id":9863,"href":"https:\/\/www.immanuel.se\/en\/wp-json\/wp\/v2\/posts\/9767\/revisions\/9863"}],"wp:featuredmedia":[{"embeddable":true,"href":"https:\/\/www.immanuel.se\/en\/wp-json\/wp\/v2\/media\/9768"}],"wp:attachment":[{"href":"https:\/\/www.immanuel.se\/en\/wp-json\/wp\/v2\/media?parent=9767"}],"wp:term":[{"taxonomy":"category","embeddable":true,"href":"https:\/\/www.immanuel.se\/en\/wp-json\/wp\/v2\/categories?post=9767"},{"taxonomy":"post_tag","embeddable":true,"href":"https:\/\/www.immanuel.se\/en\/wp-json\/wp\/v2\/tags?post=9767"}],"curies":[{"name":"wp","href":"https:\/\/api.w.org\/{rel}","templated":true}]}}