{"id":18418,"global_id":"www.immanuel.se\/en?id=18418","global_id_lineage":["www.immanuel.se\/en?id=18418"],"author":"0","status":"publish","date":"2025-09-10 12:15:34","date_utc":"2025-09-10 10:15:34","modified":"2026-05-01 22:15:37","modified_utc":"2026-05-01 20:15:37","url":"https:\/\/www.immanuel.se\/en\/calendar\/onsdagsmassan-14\/","rest_url":"https:\/\/www.immanuel.se\/en\/wp-json\/tribe\/events\/v1\/events\/18418","title":"Immanuel Senior","description":"<p>S\u00e5nger du gl\u00f6mt att du kommer ih\u00e5g<br \/>\nAnders Segersson, pastor i Equmeniakyrkan, tar oss med p\u00e5 en musikalisk livsresa med betoning p\u00e5 1960 &#8211; 1970-talen.<br \/>\nAnders ber\u00e4ttar om uppv\u00e4xtmilj\u00f6n i Ydre, om vuxna f\u00f6rebilder och framf\u00f6r s\u00e5nger som sj\u00f6ngs och spelades i det frikyrkliga sammanhanget.<br \/>\nDet blir s\u00e5ng till gitarr och fr\u00e5n vinylplattor  och en transistorradio.<\/p>","excerpt":"","slug":"onsdagsmassan-14","image":false,"all_day":false,"start_date":"2025-11-25 13:00:00","start_date_details":{"year":"2025","month":"11","day":"25","hour":"13","minutes":"00","seconds":"00"},"end_date":"2025-11-25 15:00:00","end_date_details":{"year":"2025","month":"11","day":"25","hour":"15","minutes":"00","seconds":"00"},"utc_start_date":"2025-11-25 12:00:00","utc_start_date_details":{"year":"2025","month":"11","day":"25","hour":"12","minutes":"00","seconds":"00"},"utc_end_date":"2025-11-25 14:00:00","utc_end_date_details":{"year":"2025","month":"11","day":"25","hour":"14","minutes":"00","seconds":"00"},"timezone":"Europe\/Stockholm","timezone_abbr":"CET","cost":"","cost_details":{"currency_symbol":"","currency_code":"","currency_position":"","values":[]},"website":"https:\/\/www.immanuel.se\/en\/calendar\/onsdagsmassan-14\/","show_map":false,"show_map_link":false,"hide_from_listings":false,"sticky":false,"featured":false,"categories":[],"tags":[],"venue":{"id":16359,"status":"publish","date":"2025-04-07 15:15:12","date_utc":"2025-04-07 13:15:12","modified":"2025-04-07 15:15:12","modified_utc":"2025-04-07 13:15:12","url":"https:\/\/www.immanuel.se\/en\/venue\/waldenstromssalen\/","venue":"Waldenstr\u00f6mssalen","slug":"waldenstromssalen","json_ld":{"@type":"Place","name":"Waldenstr\u00f6mssalen","description":"","url":"https:\/\/www.immanuel.se\/en\/venue\/waldenstromssalen\/","address":{"@type":"PostalAddress"},"telephone":"","sameAs":""},"show_map":true,"show_map_link":true,"global_id":"www.immanuel.se\/en?id=16359","global_id_lineage":["www.immanuel.se\/en?id=16359"]},"organizer":[],"custom_fields":[],"json_ld":{"@context":"http:\/\/schema.org","@type":"Event","name":"Immanuel Senior","description":"&lt;p&gt;S\u00e5nger du gl\u00f6mt att du kommer ih\u00e5g Anders Segersson, pastor i Equmeniakyrkan, tar oss med p\u00e5 en musikalisk livsresa med betoning p\u00e5 1960 - 1970-talen. Anders ber\u00e4ttar om uppv\u00e4xtmilj\u00f6n i [&hellip;]&lt;\/p&gt;\\n","url":"https:\/\/www.immanuel.se\/en\/calendar\/onsdagsmassan-14\/","eventAttendanceMode":"https:\/\/schema.org\/OfflineEventAttendanceMode","eventStatus":"https:\/\/schema.org\/EventScheduled","startDate":"2025-11-25T13:00:00+01:00","endDate":"2025-11-25T15:00:00+01:00","location":{"@type":"Place","name":"Waldenstr\u00f6mssalen","description":"","url":"https:\/\/www.immanuel.se\/en\/venue\/waldenstromssalen\/","address":{"@type":"PostalAddress"},"telephone":"","sameAs":""},"performer":"Organization"},"is_virtual":false,"virtual_url":null,"virtual_video_source":""}